{"id":814,"date":"2016-06-06T18:00:13","date_gmt":"2016-06-06T16:00:13","guid":{"rendered":"http:\/\/sikadesign.no\/?p=814"},"modified":"2018-05-24T12:08:08","modified_gmt":"2018-05-24T10:08:08","slug":"relansering-av-polarbunaden","status":"publish","type":"post","link":"https:\/\/sikadesign.no\/?p=814","title":{"rendered":"Relansering av Polarbunaden"},"content":{"rendered":"<p>Jeg er veldig glad for \u00e5 kunne fortelle at jeg n\u00e5 har blitt enig med Rune Jensen, som har rettighetene til Polarbunaden, om at vi skal g\u00e5 i gang med \u00e5 f\u00e5 den ut p\u00e5 markedet igjen. Denne bunaden ble i sin tid designet av Runes mor, Iris Figenschau, som en bunad for Svalbard og Norge nord for polarsirkelen. Broderiet har blomstermotiver fra Svalbard og de nordligste fylkene. Framdriften i prosjektet kan f\u00f8lges p\u00e5 facebooksiden\u00a0 Polarbunadens venner, hvor historikk og hva som skjer etter hvert vil bli omtalt etter hvert som vi &laquo;ruller opp&raquo; ting som vi ikke i \u00f8yeblikket er helt sikre p\u00e5.<\/p>\n<p>Det er vanskelig \u00e5 si i dag hvor lang tid forberedelsene vil ta og n\u00e5r den f\u00f8rste materialpakken kan kj\u00f8pes,\u00a0 kanskje et \u00e5r, kanskje mindre, kanskje mer, men siden det viktigste \u00e5 f\u00e5 p\u00e5 plass n\u00e5r forberedelsene er over er noen som vil kj\u00f8pe slik at man igjen kan f\u00e5 budsjettet litt i balanse, g\u00e5r jeg ut med den f\u00f8rste informasjonen allerede n\u00e5.\u00a0 Pris er jo ogs\u00e5 noe som m\u00e5 beregnes n\u00e5r alle ting er mer p\u00e5 plass.<\/p>\n<p>Dette er noe jeg brenner for og jeg gleder meg til \u00e5 ta fatt. Det er ikke s\u00e5 mange bilder som finnes av bunaden enda men vi har et fra den tiden da den enda var \u00e5 f\u00e5 tak i. Flere bilder vil komme etter hvert.<\/p>\n<p><a href=\"http:\/\/sikadesign.no\/wp-content\/uploads\/2016\/06\/Polardrakten.jpg\"><img loading=\"lazy\" decoding=\"async\" class=\"aligncenter size-medium wp-image-815\" alt=\"Polardrakten\" src=\"http:\/\/sikadesign.no\/wp-content\/uploads\/2016\/06\/Polardrakten-234x300.jpg\" width=\"234\" height=\"300\" srcset=\"https:\/\/sikadesign.no\/wp-content\/uploads\/2016\/06\/Polardrakten-234x300.jpg 234w, https:\/\/sikadesign.no\/wp-content\/uploads\/2016\/06\/Polardrakten-117x150.jpg 117w, https:\/\/sikadesign.no\/wp-content\/uploads\/2016\/06\/Polardrakten.jpg 751w\" sizes=\"auto, (max-width: 234px) 100vw, 234px\" \/><\/a><\/p>\n<p>&nbsp;<\/p>\n<p>&nbsp;<\/p>\n<p>&nbsp;<\/p>\n<p>&nbsp;<\/p>\n","protected":false},"excerpt":{"rendered":"<p>Jeg er veldig glad for \u00e5 kunne fortelle at jeg n\u00e5 har blitt enig med Rune Jensen, som har rettighetene til Polarbunaden, om at vi skal g\u00e5 i gang med \u00e5 f\u00e5 den ut p\u00e5 markedet igjen. Denne bunaden ble i sin tid designet av Runes mor, Iris Figenschau, som en bunad for Svalbard og Norge nord for polarsirkelen. Broderiet har blomstermotiver fra Svalbard og de nordligste fylkene. Framdriften i prosjektet kan f\u00f8lges p\u00e5 facebooksiden\u00a0 Polarbunadens venner, hvor historikk og hva som skjer etter hvert vil bli omtalt etter hvert som vi &laquo;ruller opp&raquo; ting som vi ikke i \u00f8yeblikket&hellip;<\/p>\n","protected":false},"author":1,"featured_media":0,"comment_status":"open","ping_status":"open","sticky":false,"template":"","format":"standard","meta":{"footnotes":""},"categories":[9],"tags":[],"class_list":["post-814","post","type-post","status-publish","format-standard","hentry","category-polarbunaden"],"_links":{"self":[{"href":"https:\/\/sikadesign.no\/index.php?rest_route=\/wp\/v2\/posts\/814","targetHints":{"allow":["GET"]}}],"collection":[{"href":"https:\/\/sikadesign.no\/index.php?rest_route=\/wp\/v2\/posts"}],"about":[{"href":"https:\/\/sikadesign.no\/index.php?rest_route=\/wp\/v2\/types\/post"}],"author":[{"embeddable":true,"href":"https:\/\/sikadesign.no\/index.php?rest_route=\/wp\/v2\/users\/1"}],"replies":[{"embeddable":true,"href":"https:\/\/sikadesign.no\/index.php?rest_route=%2Fwp%2Fv2%2Fcomments&post=814"}],"version-history":[{"count":3,"href":"https:\/\/sikadesign.no\/index.php?rest_route=\/wp\/v2\/posts\/814\/revisions"}],"predecessor-version":[{"id":817,"href":"https:\/\/sikadesign.no\/index.php?rest_route=\/wp\/v2\/posts\/814\/revisions\/817"}],"wp:attachment":[{"href":"https:\/\/sikadesign.no\/index.php?rest_route=%2Fwp%2Fv2%2Fmedia&parent=814"}],"wp:term":[{"taxonomy":"category","embeddable":true,"href":"https:\/\/sikadesign.no\/index.php?rest_route=%2Fwp%2Fv2%2Fcategories&post=814"},{"taxonomy":"post_tag","embeddable":true,"href":"https:\/\/sikadesign.no\/index.php?rest_route=%2Fwp%2Fv2%2Ftags&post=814"}],"curies":[{"name":"wp","href":"https:\/\/api.w.org\/{rel}","templated":true}]}}